{"id":966,"date":"2019-01-04T14:06:49","date_gmt":"2019-01-04T13:06:49","guid":{"rendered":"https:\/\/www.feuerwehr-altmuenster.at\/HP\/?p=966"},"modified":"2019-05-04T14:10:12","modified_gmt":"2019-05-04T12:10:12","slug":"traktorbergung-die-zweite","status":"publish","type":"post","link":"https:\/\/www.feuerwehr-altmuenster.at\/HP\/?p=966","title":{"rendered":"Traktorbergung, die Zweite"},"content":{"rendered":"<p>In den Abendstunden des 5.1.2019 fuhr ein R\u00e4umtraktor im Auftrag der Gemeinde vom Gmundnerberg talw\u00e4rts. Aufgrund des starken Schneetreibens kam dieser von der Stra\u00dfe ab und blieb in den gro\u00dfen Schneemengen stecken.<\/p>\n<p>Da das Fahrzeug abzust\u00fcrzen drohte, alarmierte ABI Christian Gruber nach dem Lokalaugenschein sofort die Feuerwehren Altm\u00fcnster und Reindlm\u00fchl.<\/p>\n<p>Am Einsatzort wurde das Gef\u00e4hrt mittels der Winde vom Tank Reindlm\u00fchl gesichert. Anschlie\u00dfend das Schild vom Pflug demontiert; in weiterer Folge konnte im Zusammenspiel mit Winde und Kran des&nbsp;<a class=\"cm_anchor\" href=\"https:\/\/www.feuerwehr-altmuenster.at\/Ueber-uns\/Fuhrpark\/\">SRF<\/a>&nbsp;Altm\u00fcnster der Traktor wieder auf die Stra\u00dfe gebracht werden.<\/p>\n<p>Nach knapp 2 Stunden der Einsatz beendet und beiden Wehren konnten wieder in die Zeugst\u00e4tten einr\u00fccken und die Einsatzbereitschaft wiederherstellen.&nbsp;<\/p>\nngg_shortcode_0_placeholder\n","protected":false},"excerpt":{"rendered":"<p>In den Abendstunden des 5.1.2019 fuhr ein R\u00e4umtraktor im Auftrag der Gemeinde vom Gmundnerberg talw\u00e4rts. Aufgrund des starken Schneetreibens kam dieser von der Stra\u00dfe ab und blieb in den gro\u00dfen&hellip; <\/p>\n","protected":false},"author":3,"featured_media":986,"comment_status":"closed","ping_status":"closed","sticky":false,"template":"","format":"standard","meta":{"ngg_post_thumbnail":0,"footnotes":""},"categories":[1],"tags":[],"class_list":["post-966","post","type-post","status-publish","format-standard","has-post-thumbnail","hentry","category-allgemein"],"_links":{"self":[{"href":"https:\/\/www.feuerwehr-altmuenster.at\/HP\/index.php?rest_route=\/wp\/v2\/posts\/966","targetHints":{"allow":["GET"]}}],"collection":[{"href":"https:\/\/www.feuerwehr-altmuenster.at\/HP\/index.php?rest_route=\/wp\/v2\/posts"}],"about":[{"href":"https:\/\/www.feuerwehr-altmuenster.at\/HP\/index.php?rest_route=\/wp\/v2\/types\/post"}],"author":[{"embeddable":true,"href":"https:\/\/www.feuerwehr-altmuenster.at\/HP\/index.php?rest_route=\/wp\/v2\/users\/3"}],"replies":[{"embeddable":true,"href":"https:\/\/www.feuerwehr-altmuenster.at\/HP\/index.php?rest_route=%2Fwp%2Fv2%2Fcomments&post=966"}],"version-history":[{"count":1,"href":"https:\/\/www.feuerwehr-altmuenster.at\/HP\/index.php?rest_route=\/wp\/v2\/posts\/966\/revisions"}],"predecessor-version":[{"id":987,"href":"https:\/\/www.feuerwehr-altmuenster.at\/HP\/index.php?rest_route=\/wp\/v2\/posts\/966\/revisions\/987"}],"wp:featuredmedia":[{"embeddable":true,"href":"https:\/\/www.feuerwehr-altmuenster.at\/HP\/index.php?rest_route=\/wp\/v2\/media\/986"}],"wp:attachment":[{"href":"https:\/\/www.feuerwehr-altmuenster.at\/HP\/index.php?rest_route=%2Fwp%2Fv2%2Fmedia&parent=966"}],"wp:term":[{"taxonomy":"category","embeddable":true,"href":"https:\/\/www.feuerwehr-altmuenster.at\/HP\/index.php?rest_route=%2Fwp%2Fv2%2Fcategories&post=966"},{"taxonomy":"post_tag","embeddable":true,"href":"https:\/\/www.feuerwehr-altmuenster.at\/HP\/index.php?rest_route=%2Fwp%2Fv2%2Ftags&post=966"}],"curies":[{"name":"wp","href":"https:\/\/api.w.org\/{rel}","templated":true}]}}