{"id":7196,"date":"2023-07-03T06:40:53","date_gmt":"2023-07-03T04:40:53","guid":{"rendered":"https:\/\/www.feuerwehr-altmuenster.at\/HP\/?p=7196"},"modified":"2023-09-24T15:13:29","modified_gmt":"2023-09-24T13:13:29","slug":"brandmeldealarm-und-tueroeffnung","status":"publish","type":"post","link":"https:\/\/www.feuerwehr-altmuenster.at\/HP\/?p=7196","title":{"rendered":"Brandmeldealarm und T\u00fcr\u00f6ffnung"},"content":{"rendered":"<div class=\"x11i5rnm xat24cr x1mh8g0r x1vvkbs xtlvy1s x126k92a\">\n<div dir=\"auto\">Am Montag, 03.07.2023, wurden wir am Vormittag gemeinsam mit der FF Neukirchen zu einem Brandmeldealarm alarmiert. Dieser stellte sich nach Erkundung als T\u00e4uschungsalarm dar. Daher konnten die Einsatzkr\u00e4fte wieder in die Zeugst\u00e4tte einr\u00fccken.<\/div>\n<div dir=\"auto\">&nbsp;<\/div>\n<\/div>\n<div class=\"x11i5rnm xat24cr x1mh8g0r x1vvkbs xtlvy1s x126k92a\">\n<div dir=\"auto\">Am Nachmittag wurden wir erneut zu einer T\u00fcr\u00f6ffnung gerufen. Mittels unserer Teleskopmastb\u00fchne wurde die gest\u00fcrzte Person gerettet und dem Roten Kreuz \u00fcbergeben.<\/div>\n<\/div>\n","protected":false},"excerpt":{"rendered":"<p>Am Montag, 03.07.2023, wurden wir am Vormittag gemeinsam mit der FF Neukirchen zu einem Brandmeldealarm alarmiert. Dieser stellte sich nach Erkundung als T\u00e4uschungsalarm dar. Daher konnten die Einsatzkr\u00e4fte wieder in&hellip; <\/p>\n","protected":false},"author":6,"featured_media":7200,"comment_status":"closed","ping_status":"closed","sticky":false,"template":"","format":"standard","meta":{"ngg_post_thumbnail":0,"footnotes":""},"categories":[5,24],"tags":[],"class_list":["post-7196","post","type-post","status-publish","format-standard","has-post-thumbnail","hentry","category-einsaetze","category-einsaetze-2023"],"_links":{"self":[{"href":"https:\/\/www.feuerwehr-altmuenster.at\/HP\/index.php?rest_route=\/wp\/v2\/posts\/7196","targetHints":{"allow":["GET"]}}],"collection":[{"href":"https:\/\/www.feuerwehr-altmuenster.at\/HP\/index.php?rest_route=\/wp\/v2\/posts"}],"about":[{"href":"https:\/\/www.feuerwehr-altmuenster.at\/HP\/index.php?rest_route=\/wp\/v2\/types\/post"}],"author":[{"embeddable":true,"href":"https:\/\/www.feuerwehr-altmuenster.at\/HP\/index.php?rest_route=\/wp\/v2\/users\/6"}],"replies":[{"embeddable":true,"href":"https:\/\/www.feuerwehr-altmuenster.at\/HP\/index.php?rest_route=%2Fwp%2Fv2%2Fcomments&post=7196"}],"version-history":[{"count":1,"href":"https:\/\/www.feuerwehr-altmuenster.at\/HP\/index.php?rest_route=\/wp\/v2\/posts\/7196\/revisions"}],"predecessor-version":[{"id":7201,"href":"https:\/\/www.feuerwehr-altmuenster.at\/HP\/index.php?rest_route=\/wp\/v2\/posts\/7196\/revisions\/7201"}],"wp:featuredmedia":[{"embeddable":true,"href":"https:\/\/www.feuerwehr-altmuenster.at\/HP\/index.php?rest_route=\/wp\/v2\/media\/7200"}],"wp:attachment":[{"href":"https:\/\/www.feuerwehr-altmuenster.at\/HP\/index.php?rest_route=%2Fwp%2Fv2%2Fmedia&parent=7196"}],"wp:term":[{"taxonomy":"category","embeddable":true,"href":"https:\/\/www.feuerwehr-altmuenster.at\/HP\/index.php?rest_route=%2Fwp%2Fv2%2Fcategories&post=7196"},{"taxonomy":"post_tag","embeddable":true,"href":"https:\/\/www.feuerwehr-altmuenster.at\/HP\/index.php?rest_route=%2Fwp%2Fv2%2Ftags&post=7196"}],"curies":[{"name":"wp","href":"https:\/\/api.w.org\/{rel}","templated":true}]}}