{"id":4126,"date":"2021-05-09T11:07:19","date_gmt":"2021-05-09T09:07:19","guid":{"rendered":"https:\/\/www.feuerwehr-altmuenster.at\/HP\/?p=4126"},"modified":"2021-05-09T11:07:19","modified_gmt":"2021-05-09T09:07:19","slug":"florianifeier-2021","status":"publish","type":"post","link":"https:\/\/www.feuerwehr-altmuenster.at\/HP\/?p=4126","title":{"rendered":"Florianifeier 2021"},"content":{"rendered":"<p>Florianifeier im kleinen Kreis<\/p>\n<p>Da auch heuer aufgrund der Corona Verordnungen keine Florianifeier m\u00f6glich war, haben wir uns gemeinsam mit den Kameraden der FF Eben und Nachdemsee entschlossen, am 8.5.2021 an der Abendmesse teilzunehmen.<\/p>\n<p>Im Gedenken an die verstorbenen Kameraden, waren die beiden Kommandanten Christian Gruber und G\u00fcnther Raffelsberger mit den Fahnentr\u00e4gern anwesend. Dem Gottesdienst, der von Kurat Mag. Thomas Adamu feierlich gestaltet wurde, folgte eine Segnung der Kr\u00e4nze, die im Anschluss beim Kriegerdenkmal niedergelegt wurden.<\/p>\nngg_shortcode_0_placeholder\n","protected":false},"excerpt":{"rendered":"<p>Florianifeier im kleinen Kreis Da auch heuer aufgrund der Corona Verordnungen keine Florianifeier m\u00f6glich war, haben wir uns gemeinsam mit den Kameraden der FF Eben und Nachdemsee entschlossen, am 8.5.2021&hellip; <\/p>\n","protected":false},"author":3,"featured_media":4127,"comment_status":"closed","ping_status":"closed","sticky":false,"template":"","format":"standard","meta":{"ngg_post_thumbnail":0,"footnotes":""},"categories":[4],"tags":[],"class_list":["post-4126","post","type-post","status-publish","format-standard","has-post-thumbnail","hentry","category-news"],"_links":{"self":[{"href":"https:\/\/www.feuerwehr-altmuenster.at\/HP\/index.php?rest_route=\/wp\/v2\/posts\/4126","targetHints":{"allow":["GET"]}}],"collection":[{"href":"https:\/\/www.feuerwehr-altmuenster.at\/HP\/index.php?rest_route=\/wp\/v2\/posts"}],"about":[{"href":"https:\/\/www.feuerwehr-altmuenster.at\/HP\/index.php?rest_route=\/wp\/v2\/types\/post"}],"author":[{"embeddable":true,"href":"https:\/\/www.feuerwehr-altmuenster.at\/HP\/index.php?rest_route=\/wp\/v2\/users\/3"}],"replies":[{"embeddable":true,"href":"https:\/\/www.feuerwehr-altmuenster.at\/HP\/index.php?rest_route=%2Fwp%2Fv2%2Fcomments&post=4126"}],"version-history":[{"count":1,"href":"https:\/\/www.feuerwehr-altmuenster.at\/HP\/index.php?rest_route=\/wp\/v2\/posts\/4126\/revisions"}],"predecessor-version":[{"id":4128,"href":"https:\/\/www.feuerwehr-altmuenster.at\/HP\/index.php?rest_route=\/wp\/v2\/posts\/4126\/revisions\/4128"}],"wp:featuredmedia":[{"embeddable":true,"href":"https:\/\/www.feuerwehr-altmuenster.at\/HP\/index.php?rest_route=\/wp\/v2\/media\/4127"}],"wp:attachment":[{"href":"https:\/\/www.feuerwehr-altmuenster.at\/HP\/index.php?rest_route=%2Fwp%2Fv2%2Fmedia&parent=4126"}],"wp:term":[{"taxonomy":"category","embeddable":true,"href":"https:\/\/www.feuerwehr-altmuenster.at\/HP\/index.php?rest_route=%2Fwp%2Fv2%2Fcategories&post=4126"},{"taxonomy":"post_tag","embeddable":true,"href":"https:\/\/www.feuerwehr-altmuenster.at\/HP\/index.php?rest_route=%2Fwp%2Fv2%2Ftags&post=4126"}],"curies":[{"name":"wp","href":"https:\/\/api.w.org\/{rel}","templated":true}]}}