{"id":3477,"date":"2020-09-17T03:45:52","date_gmt":"2020-09-17T01:45:52","guid":{"rendered":"https:\/\/www.feuerwehr-altmuenster.at\/HP\/?p=3477"},"modified":"2020-09-17T03:48:00","modified_gmt":"2020-09-17T01:48:00","slug":"verkehrsinsel-gerammt","status":"publish","type":"post","link":"https:\/\/www.feuerwehr-altmuenster.at\/HP\/?p=3477","title":{"rendered":"Verkehrsinsel gerammt"},"content":{"rendered":"<p>Kurz vor 2 Uhr fr\u00fch, in der Nacht auf den 17.9.2020, rammte ein Hybridfahrzeug die Verkehrsinsel an der Hofer\/Billa Kreuzung. Die Ursache ist zurzeit nicht gekl\u00e4rt.<\/p>\n<p>Um 2:03 Uhr wurden wir zu den Aufr\u00e4umarbeiten alarmiert und r\u00fcckten mit 8 Einsatzkr\u00e4ften, sowie 2 Fahrzeugen zur Unfallstelle aus. Zu den notwendigen Arbeiten musste die B 145 halbseitig gesperrt werden.<\/p>\nngg_shortcode_0_placeholder\n","protected":false},"excerpt":{"rendered":"<p>Kurz vor 2 Uhr fr\u00fch, in der Nacht auf den 17.9.2020, rammte ein Hybridfahrzeug die Verkehrsinsel an der Hofer\/Billa Kreuzung. Die Ursache ist zurzeit nicht gekl\u00e4rt. Um 2:03 Uhr wurden&hellip; <\/p>\n","protected":false},"author":3,"featured_media":3478,"comment_status":"closed","ping_status":"closed","sticky":false,"template":"","format":"standard","meta":{"ngg_post_thumbnail":0,"footnotes":""},"categories":[1],"tags":[],"class_list":["post-3477","post","type-post","status-publish","format-standard","has-post-thumbnail","hentry","category-allgemein"],"_links":{"self":[{"href":"https:\/\/www.feuerwehr-altmuenster.at\/HP\/index.php?rest_route=\/wp\/v2\/posts\/3477","targetHints":{"allow":["GET"]}}],"collection":[{"href":"https:\/\/www.feuerwehr-altmuenster.at\/HP\/index.php?rest_route=\/wp\/v2\/posts"}],"about":[{"href":"https:\/\/www.feuerwehr-altmuenster.at\/HP\/index.php?rest_route=\/wp\/v2\/types\/post"}],"author":[{"embeddable":true,"href":"https:\/\/www.feuerwehr-altmuenster.at\/HP\/index.php?rest_route=\/wp\/v2\/users\/3"}],"replies":[{"embeddable":true,"href":"https:\/\/www.feuerwehr-altmuenster.at\/HP\/index.php?rest_route=%2Fwp%2Fv2%2Fcomments&post=3477"}],"version-history":[{"count":1,"href":"https:\/\/www.feuerwehr-altmuenster.at\/HP\/index.php?rest_route=\/wp\/v2\/posts\/3477\/revisions"}],"predecessor-version":[{"id":3479,"href":"https:\/\/www.feuerwehr-altmuenster.at\/HP\/index.php?rest_route=\/wp\/v2\/posts\/3477\/revisions\/3479"}],"wp:featuredmedia":[{"embeddable":true,"href":"https:\/\/www.feuerwehr-altmuenster.at\/HP\/index.php?rest_route=\/wp\/v2\/media\/3478"}],"wp:attachment":[{"href":"https:\/\/www.feuerwehr-altmuenster.at\/HP\/index.php?rest_route=%2Fwp%2Fv2%2Fmedia&parent=3477"}],"wp:term":[{"taxonomy":"category","embeddable":true,"href":"https:\/\/www.feuerwehr-altmuenster.at\/HP\/index.php?rest_route=%2Fwp%2Fv2%2Fcategories&post=3477"},{"taxonomy":"post_tag","embeddable":true,"href":"https:\/\/www.feuerwehr-altmuenster.at\/HP\/index.php?rest_route=%2Fwp%2Fv2%2Ftags&post=3477"}],"curies":[{"name":"wp","href":"https:\/\/api.w.org\/{rel}","templated":true}]}}