{"id":13070,"date":"2026-05-01T10:14:05","date_gmt":"2026-05-01T08:14:05","guid":{"rendered":"https:\/\/www.feuerwehr-altmuenster.at\/HP\/?p=13070"},"modified":"2026-05-01T10:14:22","modified_gmt":"2026-05-01T08:14:22","slug":"florianifeier-2026","status":"publish","type":"post","link":"https:\/\/www.feuerwehr-altmuenster.at\/HP\/?p=13070","title":{"rendered":"Florianifeier 2026"},"content":{"rendered":"<p>Am 25. April 2026 fand die gemeinsame Floriani-Feier mit den Kameraden der Freiw. Feuerwehr Eben\/Nachdemsee sowie einer Delegation unserer Partnerfeuerwehr Geiselh\u00f6ring statt. Aufgrund anderer wichtiger Termine, wie der Floriani-Feier am 1. Mai in Geiselh\u00f6ring, zu der eine Gruppe unserer Wehr nach Bayern reist und einer bevorstehenden Hochzeit eines Kameraden, musste der Termin vorverlegt werden.<\/p>\n<p>Wir versammelten uns beim Schloss Ebenzweier, wo wir vom Marktmusikverein Altm\u00fcnster in die Pfarrkirche zum gemeinsamen feierlichen Gottesdienst geleitet wurden. Pfarrer Franz Trinkfass hob in seiner Messe insbesondere die Bedeutung des Ehrenamtes und die Hilfsbereitschaft der Mitglieder der Feuerwehr hervor. Nach dem Gottesdienst erfolgten die Kranzniederlegung und ein gemeinsames Gebet am Kriegerdenkmal, zum Gedenken an die verstorbenen Kameraden.<\/p>\n<p>Neben den Mitgliedern der FF Eben\/Nachdemsee mit ihrer Jugendgruppe sowie der FF Geiselh\u00f6ring waren zahlreiche Ehreng\u00e4ste anwesend, allen voran Fahnenpatin Sigrid Pangerl und B\u00fcrgermeister Martin Pelzer. Im Anschluss zog der Festzug zur\u00fcck zum Schloss Ebenzweier und lie\u00df den Abend im Gasthof \u201eS\u00e4gem\u00fchle\u201c in Neukirchen ausklingen. Ein besonderer Dank gilt dem Marktmusikverein Altm\u00fcnster f\u00fcr die musikalische Gestaltung der Feierlichkeiten.<\/p>\nngg_shortcode_0_placeholder\n","protected":false},"excerpt":{"rendered":"<p>Am 25. April 2026 fand die gemeinsame Floriani-Feier mit den Kameraden der Freiw. Feuerwehr Eben\/Nachdemsee sowie einer Delegation unserer Partnerfeuerwehr Geiselh\u00f6ring statt. Aufgrund anderer wichtiger Termine, wie der Floriani-Feier am&hellip; <\/p>\n","protected":false},"author":3,"featured_media":13071,"comment_status":"closed","ping_status":"closed","sticky":false,"template":"","format":"standard","meta":{"ngg_post_thumbnail":0,"footnotes":""},"categories":[4],"tags":[],"class_list":["post-13070","post","type-post","status-publish","format-standard","has-post-thumbnail","hentry","category-news"],"_links":{"self":[{"href":"https:\/\/www.feuerwehr-altmuenster.at\/HP\/index.php?rest_route=\/wp\/v2\/posts\/13070","targetHints":{"allow":["GET"]}}],"collection":[{"href":"https:\/\/www.feuerwehr-altmuenster.at\/HP\/index.php?rest_route=\/wp\/v2\/posts"}],"about":[{"href":"https:\/\/www.feuerwehr-altmuenster.at\/HP\/index.php?rest_route=\/wp\/v2\/types\/post"}],"author":[{"embeddable":true,"href":"https:\/\/www.feuerwehr-altmuenster.at\/HP\/index.php?rest_route=\/wp\/v2\/users\/3"}],"replies":[{"embeddable":true,"href":"https:\/\/www.feuerwehr-altmuenster.at\/HP\/index.php?rest_route=%2Fwp%2Fv2%2Fcomments&post=13070"}],"version-history":[{"count":1,"href":"https:\/\/www.feuerwehr-altmuenster.at\/HP\/index.php?rest_route=\/wp\/v2\/posts\/13070\/revisions"}],"predecessor-version":[{"id":13072,"href":"https:\/\/www.feuerwehr-altmuenster.at\/HP\/index.php?rest_route=\/wp\/v2\/posts\/13070\/revisions\/13072"}],"wp:featuredmedia":[{"embeddable":true,"href":"https:\/\/www.feuerwehr-altmuenster.at\/HP\/index.php?rest_route=\/wp\/v2\/media\/13071"}],"wp:attachment":[{"href":"https:\/\/www.feuerwehr-altmuenster.at\/HP\/index.php?rest_route=%2Fwp%2Fv2%2Fmedia&parent=13070"}],"wp:term":[{"taxonomy":"category","embeddable":true,"href":"https:\/\/www.feuerwehr-altmuenster.at\/HP\/index.php?rest_route=%2Fwp%2Fv2%2Fcategories&post=13070"},{"taxonomy":"post_tag","embeddable":true,"href":"https:\/\/www.feuerwehr-altmuenster.at\/HP\/index.php?rest_route=%2Fwp%2Fv2%2Ftags&post=13070"}],"curies":[{"name":"wp","href":"https:\/\/api.w.org\/{rel}","templated":true}]}}