{"id":13036,"date":"2026-04-26T14:25:51","date_gmt":"2026-04-26T12:25:51","guid":{"rendered":"https:\/\/www.feuerwehr-altmuenster.at\/HP\/?p=13036"},"modified":"2026-04-26T14:26:36","modified_gmt":"2026-04-26T12:26:36","slug":"aktivuebung-atemschutz","status":"publish","type":"post","link":"https:\/\/www.feuerwehr-altmuenster.at\/HP\/?p=13036","title":{"rendered":"Atemschutzeinsatz"},"content":{"rendered":"<p>Am Freitag Abend trafen sich wieder einige Kameraden zur w\u00f6chentlichen Aktiv\u00fcbung. Diesmal ging es um das Thema Atemschutz.  Wir hatten die M\u00f6glichkeit die Atemschutz-\u00dcbungsstrecke unsere Kameraden der FF Reindlm\u00fchl zu be\u00fcben. Die \u00dcbungsstrecke erstreckt sich \u00fcber drei Stockwerke. Durch clevere Mechanismen ist es m\u00f6glich, die Strecke ganz nach Belieben zu gestalten, damit jedes durchkriechen neue Gegebenheiten mitsich bringt. Durch den Einsatz der Nebelmaschine k\u00f6nnen die schwierigen Sichverh\u00e4ltnisse bei Rauchentwicklung realistisch dargestellt werden. Die Kameraden der FF Altm\u00fcnster bedanken sich f\u00fcr den Lehrreichen \u00dcbungsabend und die Zuverf\u00fcgungstellung der Atemschutzstrecke.<\/p>\n<p>#hilfunshelfen   www.hilfunshelfen.at<\/p>\n<p><img loading=\"lazy\" decoding=\"async\" src=\"https:\/\/www.feuerwehr-altmuenster.at\/HP\/wp-content\/uploads\/2026\/04\/IMG_2767-169x300.jpeg\" alt=\"\" width=\"169\" height=\"300\" class=\"alignnone size-medium wp-image-13037\" srcset=\"https:\/\/www.feuerwehr-altmuenster.at\/HP\/wp-content\/uploads\/2026\/04\/IMG_2767-169x300.jpeg 169w, https:\/\/www.feuerwehr-altmuenster.at\/HP\/wp-content\/uploads\/2026\/04\/IMG_2767-576x1024.jpeg 576w, https:\/\/www.feuerwehr-altmuenster.at\/HP\/wp-content\/uploads\/2026\/04\/IMG_2767-768x1365.jpeg 768w, https:\/\/www.feuerwehr-altmuenster.at\/HP\/wp-content\/uploads\/2026\/04\/IMG_2767-864x1536.jpeg 864w, https:\/\/www.feuerwehr-altmuenster.at\/HP\/wp-content\/uploads\/2026\/04\/IMG_2767-1152x2048.jpeg 1152w, https:\/\/www.feuerwehr-altmuenster.at\/HP\/wp-content\/uploads\/2026\/04\/IMG_2767-scaled.jpeg 1440w\" sizes=\"auto, (max-width: 169px) 100vw, 169px\" \/><\/p>\n<p><img loading=\"lazy\" decoding=\"async\" src=\"https:\/\/www.feuerwehr-altmuenster.at\/HP\/wp-content\/uploads\/2026\/04\/IMG_2768-169x300.jpeg\" alt=\"\" width=\"169\" height=\"300\" class=\"alignnone size-medium wp-image-13038\" srcset=\"https:\/\/www.feuerwehr-altmuenster.at\/HP\/wp-content\/uploads\/2026\/04\/IMG_2768-169x300.jpeg 169w, https:\/\/www.feuerwehr-altmuenster.at\/HP\/wp-content\/uploads\/2026\/04\/IMG_2768-576x1024.jpeg 576w, https:\/\/www.feuerwehr-altmuenster.at\/HP\/wp-content\/uploads\/2026\/04\/IMG_2768-768x1365.jpeg 768w, https:\/\/www.feuerwehr-altmuenster.at\/HP\/wp-content\/uploads\/2026\/04\/IMG_2768-864x1536.jpeg 864w, https:\/\/www.feuerwehr-altmuenster.at\/HP\/wp-content\/uploads\/2026\/04\/IMG_2768-1152x2048.jpeg 1152w, https:\/\/www.feuerwehr-altmuenster.at\/HP\/wp-content\/uploads\/2026\/04\/IMG_2768-scaled.jpeg 1440w\" sizes=\"auto, (max-width: 169px) 100vw, 169px\" \/><\/p>\n","protected":false},"excerpt":{"rendered":"<p>Am Freitag Abend trafen sich wieder einige Kameraden zur w\u00f6chentlichen Aktiv\u00fcbung. Diesmal ging es um das Thema Atemschutz. Wir hatten die M\u00f6glichkeit die Atemschutz-\u00dcbungsstrecke unsere Kameraden der FF Reindlm\u00fchl zu&hellip; <\/p>\n","protected":false},"author":5,"featured_media":13039,"comment_status":"closed","ping_status":"closed","sticky":false,"template":"","format":"standard","meta":{"ngg_post_thumbnail":0,"footnotes":""},"categories":[6],"tags":[],"class_list":["post-13036","post","type-post","status-publish","format-standard","has-post-thumbnail","hentry","category-uebungen"],"_links":{"self":[{"href":"https:\/\/www.feuerwehr-altmuenster.at\/HP\/index.php?rest_route=\/wp\/v2\/posts\/13036","targetHints":{"allow":["GET"]}}],"collection":[{"href":"https:\/\/www.feuerwehr-altmuenster.at\/HP\/index.php?rest_route=\/wp\/v2\/posts"}],"about":[{"href":"https:\/\/www.feuerwehr-altmuenster.at\/HP\/index.php?rest_route=\/wp\/v2\/types\/post"}],"author":[{"embeddable":true,"href":"https:\/\/www.feuerwehr-altmuenster.at\/HP\/index.php?rest_route=\/wp\/v2\/users\/5"}],"replies":[{"embeddable":true,"href":"https:\/\/www.feuerwehr-altmuenster.at\/HP\/index.php?rest_route=%2Fwp%2Fv2%2Fcomments&post=13036"}],"version-history":[{"count":3,"href":"https:\/\/www.feuerwehr-altmuenster.at\/HP\/index.php?rest_route=\/wp\/v2\/posts\/13036\/revisions"}],"predecessor-version":[{"id":13046,"href":"https:\/\/www.feuerwehr-altmuenster.at\/HP\/index.php?rest_route=\/wp\/v2\/posts\/13036\/revisions\/13046"}],"wp:featuredmedia":[{"embeddable":true,"href":"https:\/\/www.feuerwehr-altmuenster.at\/HP\/index.php?rest_route=\/wp\/v2\/media\/13039"}],"wp:attachment":[{"href":"https:\/\/www.feuerwehr-altmuenster.at\/HP\/index.php?rest_route=%2Fwp%2Fv2%2Fmedia&parent=13036"}],"wp:term":[{"taxonomy":"category","embeddable":true,"href":"https:\/\/www.feuerwehr-altmuenster.at\/HP\/index.php?rest_route=%2Fwp%2Fv2%2Fcategories&post=13036"},{"taxonomy":"post_tag","embeddable":true,"href":"https:\/\/www.feuerwehr-altmuenster.at\/HP\/index.php?rest_route=%2Fwp%2Fv2%2Ftags&post=13036"}],"curies":[{"name":"wp","href":"https:\/\/api.w.org\/{rel}","templated":true}]}}