{"id":1007,"date":"2019-01-04T14:16:00","date_gmt":"2019-01-04T13:16:00","guid":{"rendered":"https:\/\/www.feuerwehr-altmuenster.at\/HP\/?p=1007"},"modified":"2019-05-04T14:23:47","modified_gmt":"2019-05-04T12:23:47","slug":"wohnhausbrand-am-6-1-2019","status":"publish","type":"post","link":"https:\/\/www.feuerwehr-altmuenster.at\/HP\/?p=1007","title":{"rendered":"Wohnhausbrand am 6.1.2019"},"content":{"rendered":"<p><strong>Der Polizeibericht:<\/strong><\/p>\n<p>Eine 70\u2013J\u00e4hrige aus dem Bezirk Gmunden entz\u00fcndete am 6. J\u00e4nner 2019 gegen 22:30 Uhr die Kerzen des Weihnachtsbaumes im Wohnzimmer der Erdgescho\u00dfwohnung ihres Hauses in Altm\u00fcnster. Ihr 74-j\u00e4hriger Gatte schlief bereits auf der Wohnzimmergarnitur. Als sie bereits mehrere Kerzen angez\u00fcndet hatte, entz\u00fcndete sich der Weihnachtsbaum an einer bereits brennenden Kerze. Die Frau weckte sofort ihren Gatten. Zusammen unternahmen sie noch vergebliche L\u00f6schversuche, ehe sie die vier im ersten Stock des Wohnhauses untergebrachten italienischen Leasingarbeiter alarmierten. Einer der Leasingarbeiter, ein 43-J\u00e4hriger, konnte sich nur durch einen Sprung vom Balkon im ersten Stock auf den Balkon der Erdgescho\u00dfwohnung retten, wobei er sich am Fu\u00df verletzte. Die anderen drei Leasingarbeiter blieben unverletzt und konnten, wie die Eheleute, ins Freie fl\u00fcchten. Die 70-J\u00e4hrige zog sich bei den L\u00f6schversuchen Verletzungen unbestimmten Grades zu. Aufgrund des Verdachts einer Rauchgasvergiftung wurden die 70-J\u00e4hrige und der 74-J\u00e4hrige mit der Rettung ins Klinikum V\u00f6cklabruck gebracht. Der Brand breitete sich \u00fcber drei Zimmer der Erdgescho\u00dfwohnung auf den Dachstuhl und die Wohnung im ersten Stock aus. Am L\u00f6scheinsatz waren insgesamt 7 Feuerwehren mit etwa 100 Mann im Einsatz.&nbsp;<\/p>\nngg_shortcode_0_placeholder\n","protected":false},"excerpt":{"rendered":"<p>Der Polizeibericht: Eine 70\u2013J\u00e4hrige aus dem Bezirk Gmunden entz\u00fcndete am 6. J\u00e4nner 2019 gegen 22:30 Uhr die Kerzen des Weihnachtsbaumes im Wohnzimmer der Erdgescho\u00dfwohnung ihres Hauses in Altm\u00fcnster. Ihr 74-j\u00e4hriger&hellip; <\/p>\n","protected":false},"author":3,"featured_media":1053,"comment_status":"closed","ping_status":"closed","sticky":false,"template":"","format":"standard","meta":{"ngg_post_thumbnail":0,"footnotes":""},"categories":[1],"tags":[],"class_list":["post-1007","post","type-post","status-publish","format-standard","has-post-thumbnail","hentry","category-allgemein"],"_links":{"self":[{"href":"https:\/\/www.feuerwehr-altmuenster.at\/HP\/index.php?rest_route=\/wp\/v2\/posts\/1007","targetHints":{"allow":["GET"]}}],"collection":[{"href":"https:\/\/www.feuerwehr-altmuenster.at\/HP\/index.php?rest_route=\/wp\/v2\/posts"}],"about":[{"href":"https:\/\/www.feuerwehr-altmuenster.at\/HP\/index.php?rest_route=\/wp\/v2\/types\/post"}],"author":[{"embeddable":true,"href":"https:\/\/www.feuerwehr-altmuenster.at\/HP\/index.php?rest_route=\/wp\/v2\/users\/3"}],"replies":[{"embeddable":true,"href":"https:\/\/www.feuerwehr-altmuenster.at\/HP\/index.php?rest_route=%2Fwp%2Fv2%2Fcomments&post=1007"}],"version-history":[{"count":1,"href":"https:\/\/www.feuerwehr-altmuenster.at\/HP\/index.php?rest_route=\/wp\/v2\/posts\/1007\/revisions"}],"predecessor-version":[{"id":1055,"href":"https:\/\/www.feuerwehr-altmuenster.at\/HP\/index.php?rest_route=\/wp\/v2\/posts\/1007\/revisions\/1055"}],"wp:featuredmedia":[{"embeddable":true,"href":"https:\/\/www.feuerwehr-altmuenster.at\/HP\/index.php?rest_route=\/wp\/v2\/media\/1053"}],"wp:attachment":[{"href":"https:\/\/www.feuerwehr-altmuenster.at\/HP\/index.php?rest_route=%2Fwp%2Fv2%2Fmedia&parent=1007"}],"wp:term":[{"taxonomy":"category","embeddable":true,"href":"https:\/\/www.feuerwehr-altmuenster.at\/HP\/index.php?rest_route=%2Fwp%2Fv2%2Fcategories&post=1007"},{"taxonomy":"post_tag","embeddable":true,"href":"https:\/\/www.feuerwehr-altmuenster.at\/HP\/index.php?rest_route=%2Fwp%2Fv2%2Ftags&post=1007"}],"curies":[{"name":"wp","href":"https:\/\/api.w.org\/{rel}","templated":true}]}}